{"id":129,"date":"2021-06-29T12:00:18","date_gmt":"2021-06-29T10:00:18","guid":{"rendered":"https:\/\/camping-daon.fr\/?p=129"},"modified":"2021-07-05T12:01:02","modified_gmt":"2021-07-05T10:01:02","slug":"velofrancette","status":"publish","type":"post","link":"https:\/\/camping-daon.fr\/index.php\/2021\/06\/29\/velofrancette\/","title":{"rendered":"V\u00e9lofrancette"},"content":{"rendered":"\n<p><span class=\"has-inline-color has-black-color\">Partant de la Manche et descendant vers l\u2019Atlantique, les 630 Km d\u2019itin\u00e9raire cyclable de la <strong><em>[lien V\u00e9lofrancette]<\/em><\/strong> vous font d\u00e9couvrir les saveurs d\u2019une douce France, traversant la Normandie, les Pays de la Loire et le Poitou-Charentes.<\/span><\/p>\n\n\n\n<p><span class=\"has-inline-color has-black-color\">En\u00a0<strong>Mayenne<\/strong>, elle\u00a0emprunte les 105 km du\u00a0<strong>chemin de halage<\/strong>\u00a0de la rivi\u00e8re la Mayenne. Ce tron\u00e7on d\u2019itin\u00e9raire constitue un parcours facile, \u00e0 faible d\u00e9nivel\u00e9, au c\u0153ur d\u2019une nature pr\u00e9serv\u00e9e et sauvage. Vous appr\u00e9cierez les jolis points de vue sur la vall\u00e9e de<strong>\u00a0la Mayenne<\/strong>\u00a0et le<\/span><\/p>\n\n\n\n<p><span class=\"has-inline-color has-black-color\">D\u00e9couvrez le\u00a0<strong>Camping des Rivi\u00e8res\u00a0<\/strong>Id\u00e9alement situ\u00e9 sur l\u2019itin\u00e9raire de la <strong><em>[Lien V\u00e9lofrancette]<\/em><\/strong> arr\u00eatez-vous une nuit pour vous y reposer\u00a0<em>(sur place\u00a0: kit d\u00e9jeuner, \u00e9picerie,\u00a0\u00e0 proximit\u00e9\u00a0possibilit\u00e9 de se restaurer)<\/em>\u00a0\u2013 Arriv\u00e9e tardive possible, nous contacter\u2026<\/span><\/p>\n\n\n\n<p><span class=\"has-inline-color has-black-color\">Pour vous aider \u00e0 pr\u00e9parer au mieux votre parcours, retrouvez ci-apr\u00e8s l\u2019itin\u00e9raire de Ch\u00e2teau-Gontier au Lion d\u2019Angers :<\/span><\/p>\n\n\n\n<p class=\"has-text-align-center\"><strong>De ch\u00e2teau-Gontier au Lion d\u2019Angers<\/strong><\/p>\n","protected":false},"excerpt":{"rendered":"<p>Partant de la Manche et descendant vers l\u2019Atlantique, les 630 Km d\u2019itin\u00e9raire cyclable de la [lien V\u00e9lofrancette] vous font d\u00e9couvrir les saveurs d\u2019une douce France, traversant la Normandie, les Pays de la Loire et le Poitou-Charentes. En\u00a0Mayenne, elle\u00a0emprunte les 105 km du\u00a0chemin de halage\u00a0de la rivi\u00e8re la Mayenne. Ce tron\u00e7on d\u2019itin\u00e9raire constitue un parcours facile, [&hellip;]<\/p>\n","protected":false},"author":1,"featured_media":0,"comment_status":"open","ping_status":"closed","sticky":false,"template":"","format":"standard","meta":{"footnotes":""},"categories":[1],"tags":[],"class_list":["post-129","post","type-post","status-publish","format-standard","hentry","category-non-classe","entry"],"yoast_head":"<!-- This site is optimized with the Yoast SEO plugin v26.8 - https:\/\/yoast.com\/product\/yoast-seo-wordpress\/ -->\n<title>V\u00e9lofrancette - Camping des Rivi\u00e8res de Daon<\/title>\n<meta name=\"robots\" content=\"index, follow, max-snippet:-1, max-image-preview:large, max-video-preview:-1\" \/>\n<link rel=\"canonical\" href=\"https:\/\/camping-daon.fr\/index.php\/2021\/06\/29\/velofrancette\/\" \/>\n<meta property=\"og:locale\" content=\"fr_FR\" \/>\n<meta property=\"og:type\" content=\"article\" \/>\n<meta property=\"og:title\" content=\"V\u00e9lofrancette - Camping des Rivi\u00e8res de Daon\" \/>\n<meta property=\"og:description\" content=\"Partant de la Manche et descendant vers l\u2019Atlantique, les 630 Km d\u2019itin\u00e9raire cyclable de la [lien V\u00e9lofrancette] vous font d\u00e9couvrir les saveurs d\u2019une douce France, traversant la Normandie, les Pays de la Loire et le Poitou-Charentes. En\u00a0Mayenne, elle\u00a0emprunte les 105 km du\u00a0chemin de halage\u00a0de la rivi\u00e8re la Mayenne. Ce tron\u00e7on d\u2019itin\u00e9raire constitue un parcours facile, [&hellip;]\" \/>\n<meta property=\"og:url\" content=\"https:\/\/camping-daon.fr\/index.php\/2021\/06\/29\/velofrancette\/\" \/>\n<meta property=\"og:site_name\" content=\"Camping des Rivi\u00e8res de Daon\" \/>\n<meta property=\"article:publisher\" content=\"https:\/\/www.facebook.com\/Camping-des-Rivires-Daon--114946232015582\" \/>\n<meta property=\"article:published_time\" content=\"2021-06-29T10:00:18+00:00\" \/>\n<meta property=\"article:modified_time\" content=\"2021-07-05T10:01:02+00:00\" \/>\n<meta name=\"author\" content=\"admin2882\" \/>\n<meta name=\"twitter:card\" content=\"summary_large_image\" \/>\n<meta name=\"twitter:label1\" content=\"\u00c9crit par\" \/>\n\t<meta name=\"twitter:data1\" content=\"admin2882\" \/>\n\t<meta name=\"twitter:label2\" content=\"Dur\u00e9e de lecture estim\u00e9e\" \/>\n\t<meta name=\"twitter:data2\" content=\"1 minute\" \/>\n<script type=\"application\/ld+json\" class=\"yoast-schema-graph\">{\"@context\":\"https:\/\/schema.org\",\"@graph\":[{\"@type\":\"Article\",\"@id\":\"https:\/\/camping-daon.fr\/index.php\/2021\/06\/29\/velofrancette\/#article\",\"isPartOf\":{\"@id\":\"https:\/\/camping-daon.fr\/index.php\/2021\/06\/29\/velofrancette\/\"},\"author\":{\"name\":\"admin2882\",\"@id\":\"https:\/\/camping-daon.fr\/#\/schema\/person\/053c746d08a170b0e0b083d7e7ca1b26\"},\"headline\":\"V\u00e9lofrancette\",\"datePublished\":\"2021-06-29T10:00:18+00:00\",\"dateModified\":\"2021-07-05T10:01:02+00:00\",\"mainEntityOfPage\":{\"@id\":\"https:\/\/camping-daon.fr\/index.php\/2021\/06\/29\/velofrancette\/\"},\"wordCount\":173,\"commentCount\":0,\"publisher\":{\"@id\":\"https:\/\/camping-daon.fr\/#organization\"},\"inLanguage\":\"fr-FR\",\"potentialAction\":[{\"@type\":\"CommentAction\",\"name\":\"Comment\",\"target\":[\"https:\/\/camping-daon.fr\/index.php\/2021\/06\/29\/velofrancette\/#respond\"]}]},{\"@type\":\"WebPage\",\"@id\":\"https:\/\/camping-daon.fr\/index.php\/2021\/06\/29\/velofrancette\/\",\"url\":\"https:\/\/camping-daon.fr\/index.php\/2021\/06\/29\/velofrancette\/\",\"name\":\"V\u00e9lofrancette - Camping des Rivi\u00e8res de Daon\",\"isPartOf\":{\"@id\":\"https:\/\/camping-daon.fr\/#website\"},\"datePublished\":\"2021-06-29T10:00:18+00:00\",\"dateModified\":\"2021-07-05T10:01:02+00:00\",\"breadcrumb\":{\"@id\":\"https:\/\/camping-daon.fr\/index.php\/2021\/06\/29\/velofrancette\/#breadcrumb\"},\"inLanguage\":\"fr-FR\",\"potentialAction\":[{\"@type\":\"ReadAction\",\"target\":[\"https:\/\/camping-daon.fr\/index.php\/2021\/06\/29\/velofrancette\/\"]}]},{\"@type\":\"BreadcrumbList\",\"@id\":\"https:\/\/camping-daon.fr\/index.php\/2021\/06\/29\/velofrancette\/#breadcrumb\",\"itemListElement\":[{\"@type\":\"ListItem\",\"position\":1,\"name\":\"Accueil\",\"item\":\"https:\/\/camping-daon.fr\/\"},{\"@type\":\"ListItem\",\"position\":2,\"name\":\"V\u00e9lofrancette\"}]},{\"@type\":\"WebSite\",\"@id\":\"https:\/\/camping-daon.fr\/#website\",\"url\":\"https:\/\/camping-daon.fr\/\",\"name\":\"Camping des Rivi\u00e8res de Daon\",\"description\":\"Bienvenue au Camping des Rivi\u00e8res\",\"publisher\":{\"@id\":\"https:\/\/camping-daon.fr\/#organization\"},\"potentialAction\":[{\"@type\":\"SearchAction\",\"target\":{\"@type\":\"EntryPoint\",\"urlTemplate\":\"https:\/\/camping-daon.fr\/?s={search_term_string}\"},\"query-input\":{\"@type\":\"PropertyValueSpecification\",\"valueRequired\":true,\"valueName\":\"search_term_string\"}}],\"inLanguage\":\"fr-FR\"},{\"@type\":\"Organization\",\"@id\":\"https:\/\/camping-daon.fr\/#organization\",\"name\":\"Communaut\u00e9 de Communes du Pays de Ch\u00e2teau-Gontier\",\"url\":\"https:\/\/camping-daon.fr\/\",\"logo\":{\"@type\":\"ImageObject\",\"inLanguage\":\"fr-FR\",\"@id\":\"https:\/\/camping-daon.fr\/#\/schema\/logo\/image\/\",\"url\":\"https:\/\/camping-daon.fr\/wp-content\/uploads\/2021\/06\/cropped-cropped-logo02.jpg\",\"contentUrl\":\"https:\/\/camping-daon.fr\/wp-content\/uploads\/2021\/06\/cropped-cropped-logo02.jpg\",\"width\":512,\"height\":512,\"caption\":\"Communaut\u00e9 de Communes du Pays de Ch\u00e2teau-Gontier\"},\"image\":{\"@id\":\"https:\/\/camping-daon.fr\/#\/schema\/logo\/image\/\"},\"sameAs\":[\"https:\/\/www.facebook.com\/Camping-des-Rivires-Daon--114946232015582\"]},{\"@type\":\"Person\",\"@id\":\"https:\/\/camping-daon.fr\/#\/schema\/person\/053c746d08a170b0e0b083d7e7ca1b26\",\"name\":\"admin2882\",\"image\":{\"@type\":\"ImageObject\",\"inLanguage\":\"fr-FR\",\"@id\":\"https:\/\/camping-daon.fr\/#\/schema\/person\/image\/\",\"url\":\"https:\/\/secure.gravatar.com\/avatar\/5a69ed845343e392b72cf135af346916?s=96&d=mm&r=g\",\"contentUrl\":\"https:\/\/secure.gravatar.com\/avatar\/5a69ed845343e392b72cf135af346916?s=96&d=mm&r=g\",\"caption\":\"admin2882\"},\"sameAs\":[\"http:\/\/camping-daon.fr\"],\"url\":\"https:\/\/camping-daon.fr\/index.php\/author\/admin2882\/\"}]}<\/script>\n<!-- \/ Yoast SEO plugin. -->","yoast_head_json":{"title":"V\u00e9lofrancette - Camping des Rivi\u00e8res de Daon","robots":{"index":"index","follow":"follow","max-snippet":"max-snippet:-1","max-image-preview":"max-image-preview:large","max-video-preview":"max-video-preview:-1"},"canonical":"https:\/\/camping-daon.fr\/index.php\/2021\/06\/29\/velofrancette\/","og_locale":"fr_FR","og_type":"article","og_title":"V\u00e9lofrancette - Camping des Rivi\u00e8res de Daon","og_description":"Partant de la Manche et descendant vers l\u2019Atlantique, les 630 Km d\u2019itin\u00e9raire cyclable de la [lien V\u00e9lofrancette] vous font d\u00e9couvrir les saveurs d\u2019une douce France, traversant la Normandie, les Pays de la Loire et le Poitou-Charentes. En\u00a0Mayenne, elle\u00a0emprunte les 105 km du\u00a0chemin de halage\u00a0de la rivi\u00e8re la Mayenne. Ce tron\u00e7on d\u2019itin\u00e9raire constitue un parcours facile, [&hellip;]","og_url":"https:\/\/camping-daon.fr\/index.php\/2021\/06\/29\/velofrancette\/","og_site_name":"Camping des Rivi\u00e8res de Daon","article_publisher":"https:\/\/www.facebook.com\/Camping-des-Rivires-Daon--114946232015582","article_published_time":"2021-06-29T10:00:18+00:00","article_modified_time":"2021-07-05T10:01:02+00:00","author":"admin2882","twitter_card":"summary_large_image","twitter_misc":{"\u00c9crit par":"admin2882","Dur\u00e9e de lecture estim\u00e9e":"1 minute"},"schema":{"@context":"https:\/\/schema.org","@graph":[{"@type":"Article","@id":"https:\/\/camping-daon.fr\/index.php\/2021\/06\/29\/velofrancette\/#article","isPartOf":{"@id":"https:\/\/camping-daon.fr\/index.php\/2021\/06\/29\/velofrancette\/"},"author":{"name":"admin2882","@id":"https:\/\/camping-daon.fr\/#\/schema\/person\/053c746d08a170b0e0b083d7e7ca1b26"},"headline":"V\u00e9lofrancette","datePublished":"2021-06-29T10:00:18+00:00","dateModified":"2021-07-05T10:01:02+00:00","mainEntityOfPage":{"@id":"https:\/\/camping-daon.fr\/index.php\/2021\/06\/29\/velofrancette\/"},"wordCount":173,"commentCount":0,"publisher":{"@id":"https:\/\/camping-daon.fr\/#organization"},"inLanguage":"fr-FR","potentialAction":[{"@type":"CommentAction","name":"Comment","target":["https:\/\/camping-daon.fr\/index.php\/2021\/06\/29\/velofrancette\/#respond"]}]},{"@type":"WebPage","@id":"https:\/\/camping-daon.fr\/index.php\/2021\/06\/29\/velofrancette\/","url":"https:\/\/camping-daon.fr\/index.php\/2021\/06\/29\/velofrancette\/","name":"V\u00e9lofrancette - Camping des Rivi\u00e8res de Daon","isPartOf":{"@id":"https:\/\/camping-daon.fr\/#website"},"datePublished":"2021-06-29T10:00:18+00:00","dateModified":"2021-07-05T10:01:02+00:00","breadcrumb":{"@id":"https:\/\/camping-daon.fr\/index.php\/2021\/06\/29\/velofrancette\/#breadcrumb"},"inLanguage":"fr-FR","potentialAction":[{"@type":"ReadAction","target":["https:\/\/camping-daon.fr\/index.php\/2021\/06\/29\/velofrancette\/"]}]},{"@type":"BreadcrumbList","@id":"https:\/\/camping-daon.fr\/index.php\/2021\/06\/29\/velofrancette\/#breadcrumb","itemListElement":[{"@type":"ListItem","position":1,"name":"Accueil","item":"https:\/\/camping-daon.fr\/"},{"@type":"ListItem","position":2,"name":"V\u00e9lofrancette"}]},{"@type":"WebSite","@id":"https:\/\/camping-daon.fr\/#website","url":"https:\/\/camping-daon.fr\/","name":"Camping des Rivi\u00e8res de Daon","description":"Bienvenue au Camping des Rivi\u00e8res","publisher":{"@id":"https:\/\/camping-daon.fr\/#organization"},"potentialAction":[{"@type":"SearchAction","target":{"@type":"EntryPoint","urlTemplate":"https:\/\/camping-daon.fr\/?s={search_term_string}"},"query-input":{"@type":"PropertyValueSpecification","valueRequired":true,"valueName":"search_term_string"}}],"inLanguage":"fr-FR"},{"@type":"Organization","@id":"https:\/\/camping-daon.fr\/#organization","name":"Communaut\u00e9 de Communes du Pays de Ch\u00e2teau-Gontier","url":"https:\/\/camping-daon.fr\/","logo":{"@type":"ImageObject","inLanguage":"fr-FR","@id":"https:\/\/camping-daon.fr\/#\/schema\/logo\/image\/","url":"https:\/\/camping-daon.fr\/wp-content\/uploads\/2021\/06\/cropped-cropped-logo02.jpg","contentUrl":"https:\/\/camping-daon.fr\/wp-content\/uploads\/2021\/06\/cropped-cropped-logo02.jpg","width":512,"height":512,"caption":"Communaut\u00e9 de Communes du Pays de Ch\u00e2teau-Gontier"},"image":{"@id":"https:\/\/camping-daon.fr\/#\/schema\/logo\/image\/"},"sameAs":["https:\/\/www.facebook.com\/Camping-des-Rivires-Daon--114946232015582"]},{"@type":"Person","@id":"https:\/\/camping-daon.fr\/#\/schema\/person\/053c746d08a170b0e0b083d7e7ca1b26","name":"admin2882","image":{"@type":"ImageObject","inLanguage":"fr-FR","@id":"https:\/\/camping-daon.fr\/#\/schema\/person\/image\/","url":"https:\/\/secure.gravatar.com\/avatar\/5a69ed845343e392b72cf135af346916?s=96&d=mm&r=g","contentUrl":"https:\/\/secure.gravatar.com\/avatar\/5a69ed845343e392b72cf135af346916?s=96&d=mm&r=g","caption":"admin2882"},"sameAs":["http:\/\/camping-daon.fr"],"url":"https:\/\/camping-daon.fr\/index.php\/author\/admin2882\/"}]}},"_links":{"self":[{"href":"https:\/\/camping-daon.fr\/index.php\/wp-json\/wp\/v2\/posts\/129","targetHints":{"allow":["GET"]}}],"collection":[{"href":"https:\/\/camping-daon.fr\/index.php\/wp-json\/wp\/v2\/posts"}],"about":[{"href":"https:\/\/camping-daon.fr\/index.php\/wp-json\/wp\/v2\/types\/post"}],"author":[{"embeddable":true,"href":"https:\/\/camping-daon.fr\/index.php\/wp-json\/wp\/v2\/users\/1"}],"replies":[{"embeddable":true,"href":"https:\/\/camping-daon.fr\/index.php\/wp-json\/wp\/v2\/comments?post=129"}],"version-history":[{"count":1,"href":"https:\/\/camping-daon.fr\/index.php\/wp-json\/wp\/v2\/posts\/129\/revisions"}],"predecessor-version":[{"id":130,"href":"https:\/\/camping-daon.fr\/index.php\/wp-json\/wp\/v2\/posts\/129\/revisions\/130"}],"wp:attachment":[{"href":"https:\/\/camping-daon.fr\/index.php\/wp-json\/wp\/v2\/media?parent=129"}],"wp:term":[{"taxonomy":"category","embeddable":true,"href":"https:\/\/camping-daon.fr\/index.php\/wp-json\/wp\/v2\/categories?post=129"},{"taxonomy":"post_tag","embeddable":true,"href":"https:\/\/camping-daon.fr\/index.php\/wp-json\/wp\/v2\/tags?post=129"}],"curies":[{"name":"wp","href":"https:\/\/api.w.org\/{rel}","templated":true}]}}